{"id":3929,"date":"2026-03-10T22:33:15","date_gmt":"2026-03-10T21:33:15","guid":{"rendered":"https:\/\/toulouse.wordcamp.org\/2025\/?p=3929"},"modified":"2026-03-10T22:33:15","modified_gmt":"2026-03-10T21:33:15","slug":"les-photos-du-wordcamp-toulouse-2025","status":"publish","type":"post","link":"https:\/\/toulouse.wordcamp.org\/2025\/les-photos-du-wordcamp-toulouse-2025\/","title":{"rendered":"Les photos du WordCamp Toulouse 2025"},"content":{"rendered":"\n<p class=\"wp-block-paragraph\">Mieux vaut tard que jamais, c&rsquo;est ce qu&rsquo;on dit non ? On vous a partag\u00e9 les photos sur LinkedIn, mais on s&rsquo;est rendu compte presque un an apr\u00e8s le premier WordCamp toulousain qu&rsquo;il n&rsquo;y avait nul part o\u00f9 retrouver les photos.<\/p>\n\n\n\n<p class=\"wp-block-paragraph\">La faute au quart d&rsquo;heure toulousain.<\/p>\n\n\n\n<p class=\"wp-block-paragraph\">Bref, les photos du WordCamp Toulouse sont accessibles sur Flickr ! Photos de la journ\u00e9e, photos des conf\u00e9rences, photos de la soir\u00e9e, et photos du photobooth, vous serez servis !<\/p>\n\n\n\n<div class=\"wp-block-buttons is-layout-flex wp-block-buttons-is-layout-flex\">\n<div class=\"wp-block-button\"><a class=\"wp-block-button__link wp-element-button\" href=\"https:\/\/www.flickr.com\/photos\/202998701@N04\/albums\/with\/72177720327051355\" target=\"_blank\" rel=\"noreferrer noopener\">Voir les photos<\/a><\/div>\n<\/div>\n\n\n\n<h2 class=\"wp-block-heading\">Merci \u00e0 nos photographes b\u00e9n\u00e9voles !<\/h2>\n\n\n\n<p class=\"wp-block-paragraph\">On remercie \u00e9videmment grandement nos photographes b\u00e9n\u00e9voles pour avoir immortalis\u00e9 ce moment symbolique pour la ville rose \u00e0 travers leurs objectifs.<\/p>\n\n\n\n<ul class=\"wp-block-list\">\n<li><a href=\"http:\/\/linkedin.com\/in\/christelle-stasse-webmaster\/\" target=\"_blank\" rel=\"noreferrer noopener\">Christelle Stasse<\/a><\/li>\n\n\n\n<li><a href=\"https:\/\/www.linkedin.com\/in\/sandrine-hurel-criniere\/\" target=\"_blank\" rel=\"noreferrer noopener\">Sandrine Crini\u00e8re<\/a><\/li>\n\n\n\n<li><a href=\"https:\/\/www.linkedin.com\/in\/mathias-peguet\/\" target=\"_blank\" rel=\"noreferrer noopener\">Mathias Peguet<\/a><\/li>\n\n\n\n<li><a href=\"https:\/\/www.instagram.com\/dorian_pictures\/\" target=\"_blank\" rel=\"noreferrer noopener\">Dorian Auvert<\/a><\/li>\n\n\n\n<li>Pascal Lonjou<\/li>\n<\/ul>\n","protected":false},"excerpt":{"rendered":"<p>Mieux vaut tard que jamais, c&rsquo;est ce qu&rsquo;on dit non ? On vous a partag\u00e9 les photos sur LinkedIn, mais on s&rsquo;est rendu compte presque un an apr\u00e8s le premier WordCamp toulousain qu&rsquo;il n&rsquo;y avait nul part o\u00f9 retrouver les photos. La faute au quart d&rsquo;heure toulousain. Bref, les photos du WordCamp Toulouse sont accessibles [&hellip;]<\/p>\n","protected":false},"author":20913861,"featured_media":3931,"comment_status":"open","ping_status":"open","sticky":false,"template":"","format":"standard","meta":{"_crdt_document":"","advanced_seo_description":"","jetpack_seo_html_title":"","jetpack_seo_noindex":false,"jetpack_post_was_ever_published":false,"_jetpack_newsletter_access":"","_jetpack_dont_email_post_to_subs":false,"_jetpack_newsletter_tier_id":0,"_jetpack_memberships_contains_paywalled_content":false,"_jetpack_memberships_contains_paid_content":false,"footnotes":""},"categories":[1],"tags":[],"class_list":["post-3929","post","type-post","status-publish","format-standard","has-post-thumbnail","hentry","category-actualites"],"jetpack_featured_media_url":"https:\/\/toulouse.wordcamp.org\/2025\/files\/2026\/03\/54607859012_dabef3d792_b.jpg","jetpack_sharing_enabled":true,"_links":{"self":[{"href":"https:\/\/toulouse.wordcamp.org\/2025\/wp-json\/wp\/v2\/posts\/3929","targetHints":{"allow":["GET"]}}],"collection":[{"href":"https:\/\/toulouse.wordcamp.org\/2025\/wp-json\/wp\/v2\/posts"}],"about":[{"href":"https:\/\/toulouse.wordcamp.org\/2025\/wp-json\/wp\/v2\/types\/post"}],"author":[{"embeddable":true,"href":"https:\/\/toulouse.wordcamp.org\/2025\/wp-json\/wp\/v2\/users\/20913861"}],"replies":[{"embeddable":true,"href":"https:\/\/toulouse.wordcamp.org\/2025\/wp-json\/wp\/v2\/comments?post=3929"}],"version-history":[{"count":3,"href":"https:\/\/toulouse.wordcamp.org\/2025\/wp-json\/wp\/v2\/posts\/3929\/revisions"}],"predecessor-version":[{"id":3933,"href":"https:\/\/toulouse.wordcamp.org\/2025\/wp-json\/wp\/v2\/posts\/3929\/revisions\/3933"}],"wp:featuredmedia":[{"embeddable":true,"href":"https:\/\/toulouse.wordcamp.org\/2025\/wp-json\/wp\/v2\/media\/3931"}],"wp:attachment":[{"href":"https:\/\/toulouse.wordcamp.org\/2025\/wp-json\/wp\/v2\/media?parent=3929"}],"wp:term":[{"taxonomy":"category","embeddable":true,"href":"https:\/\/toulouse.wordcamp.org\/2025\/wp-json\/wp\/v2\/categories?post=3929"},{"taxonomy":"post_tag","embeddable":true,"href":"https:\/\/toulouse.wordcamp.org\/2025\/wp-json\/wp\/v2\/tags?post=3929"}],"curies":[{"name":"wp","href":"https:\/\/api.w.org\/{rel}","templated":true}]}}